{"id":2078,"date":"2024-04-07T20:58:44","date_gmt":"2024-04-07T20:58:44","guid":{"rendered":"https:\/\/www.chilefauna.cl\/?p=2078"},"modified":"2026-01-04T22:52:14","modified_gmt":"2026-01-04T22:52:14","slug":"elateridae-de-chile","status":"publish","type":"post","link":"https:\/\/www.chilefauna.cl\/index.php\/elateridae-de-chile\/","title":{"rendered":"Elateridae de Chile"},"content":{"rendered":"\n<p>Phylum&nbsp;<strong><a href=\"https:\/\/www.chilefauna.cl\/index.php\/arthropoda-de-chile\/\">Arthropoda<\/a><\/strong>&nbsp;| Clase&nbsp;<strong><a href=\"https:\/\/www.chilefauna.cl\/index.php\/insecta-de-chile\/\">Insecta<\/a><\/strong>&nbsp;| Orden&nbsp;<strong><a href=\"https:\/\/www.chilefauna.cl\/index.php\/coleoptera-de-chile\/\">Coleoptera<\/a><\/strong><\/p>\n\n\n\n<p><strong>Investigador(es) a cargo:&nbsp;<\/strong>Cristian Pineda.<\/p>\n\n\n\n<p><strong>Citar como:&nbsp;<\/strong>Pineda, C.&nbsp;<em>Elateridae<\/em>&nbsp;<em>de Chile<\/em>. ChileFauna. Recuperado el [inserte fecha de consulta] de [URL].<\/p>\n\n\n\n<p>\u2014<\/p>\n\n\n\n<p class=\"has-medium-font-size\"><strong>Elateridae<\/strong>&nbsp;Leach, 1815<\/p>\n\n\n\n<p>Elateridae es una familia del orden Coleoptera (Insecta).<\/p>\n\n\n\n<p>\u2014<\/p>\n\n\n\n<p class=\"has-medium-font-size\"><strong>Elateridae&nbsp;de Chile<\/strong><\/p>\n\n\n\n<p>Hasta la fecha, se han descrito 166 especies de elat\u00e9ridos para Chile, no obstante, a\u00fan hay muchas m\u00e1s sin describir.<\/p>\n\n\n\n<p><strong>N\u00famero de taxones en Chile:\u00a0<\/strong>166 (especies v\u00e1lidas)<\/p>\n\n\n\n<ul class=\"wp-block-list\">\n<li><em>Acrocryptus ater<\/em>&nbsp;(Philippi, 1873)<\/li>\n\n\n\n<li><em>Agriotes australis<\/em>&nbsp;Fairmaire, 1883<\/li>\n\n\n\n<li><em>Agriotes chiliensis<\/em>&nbsp;(Schwarz, 1904)<\/li>\n\n\n\n<li><em>Agriotes dubius<\/em>&nbsp;Fleutiaux, 1907<\/li>\n\n\n\n<li><em>Agriotes germaini&nbsp;<\/em>Fleutiaux, 1907<\/li>\n\n\n\n<li><em>Agriotes vicinus<\/em>&nbsp;Fleutiaux, 1907<\/li>\n\n\n\n<li><em>Alyma ariasvillegasai&nbsp;<\/em>Arias-Bohart, 2004<\/li>\n\n\n\n<li><em>Alyma calafquenensis&nbsp;<\/em>Arias-Bohart, 2004<\/li>\n\n\n\n<li><em>Alyma contulmoensis<\/em>&nbsp;Arias-Bohart, 2004<\/li>\n\n\n\n<li><em>Alyma lawlerae<\/em>&nbsp;Arias-Bohart, 2004<\/li>\n\n\n\n<li><em>Alyma pallipes<\/em>&nbsp;(Solier, 1851)<\/li>\n\n\n\n<li><em>Alyma quiriquinaensis&nbsp;<\/em>Arias-Bohart, 2004<\/li>\n\n\n\n<li><em>Alyma rieseorum<\/em>&nbsp;Arias-Bohart, 2004<\/li>\n\n\n\n<li><em>Alyma shapiroi<\/em>&nbsp;Arias-Bohart, 2004<\/li>\n\n\n\n<li><em>Anaspasis germaini&nbsp;<\/em>(Fleutiaux, 1898)<\/li>\n\n\n\n<li><em>Anaspasis parallela<\/em>&nbsp;(Solier, 1851)<\/li>\n\n\n\n<li><em>Anaspasis penai&nbsp;<\/em>Golbach, 1970<\/li>\n\n\n\n<li><em>Anaspasis solieri<\/em>&nbsp;(Fleutiaux, 1899)<\/li>\n\n\n\n<li><em>Anoplischius candezei&nbsp;<\/em>Fleutiaux, 1907<\/li>\n\n\n\n<li><em>Antitypus insignitus<\/em>&nbsp;(Fairmaire &amp; Germain,&nbsp;1860)<\/li>\n\n\n\n<li><em>Athous phylander<\/em> Tottenham, 1948<\/li>\n\n\n\n<li><em>Austrocardiophorus&nbsp;elegans<\/em>&nbsp;(Solier, 1851)<\/li>\n\n\n\n<li><em>Austrocardiophorus&nbsp;humeralis<\/em>&nbsp;(Fairmaire&nbsp;&amp; Germain, 1860)<\/li>\n\n\n\n<li><em>Austrocardiophorus\u00a0delfini<\/em>\u00a0(Fleutiaux, 1907)<\/li>\n\n\n\n<li><em>Bedresia deromecoides<\/em>&nbsp;(Schwarz, 1906)<\/li>\n\n\n\n<li><em>Bedresia impressicollis<\/em>&nbsp;Solier, 1851<\/li>\n\n\n\n<li><em>Bedresia livida<\/em>&nbsp;(Fleutiaux, 1907)<\/li>\n\n\n\n<li><em>Bedresia nigra<\/em>&nbsp;(Solier, 1851)<\/li>\n\n\n\n<li><em>Bedresia punctatosulcata<\/em>&nbsp;Solier, 1851<\/li>\n\n\n\n<li><em>Bedresia truncatipennis<\/em>&nbsp;(Fleutiaux, 1907)<\/li>\n\n\n\n<li><em>Bohartina palmae<\/em>&nbsp;Arias-Bohart, 2006<\/li>\n\n\n\n<li><em>Bohartina vilchesensis&nbsp;<\/em>Arias-Bohart, 2006<\/li>\n\n\n\n<li><em>Campyloxenus pyrothorax<\/em>&nbsp;Fairmaire&nbsp;&amp; Germain, 1860<\/li>\n\n\n\n<li><em>Candanius australis<\/em> Pineda, 2018<\/li>\n\n\n\n<li><em>Candanius brevipennis<\/em> Pineda, 2018<\/li>\n\n\n\n<li><em>Candanius coigue<\/em>&nbsp;(Arias-Bohart, 2014)<\/li>\n\n\n\n<li><em>Candanius gracillimus&nbsp;<\/em>(Cand\u00e8ze, 1889)<\/li>\n\n\n\n<li><em>Candanius lueri<\/em> Pineda, 2020<\/li>\n\n\n\n<li><em>Candanius marmoratus<\/em> Pineda, 2018<\/li>\n\n\n\n<li><em>Candanius nigricollis<\/em> Pineda, 2019<\/li>\n\n\n\n<li><em>Candanius ocellatus <\/em>Pineda, 2019<\/li>\n\n\n\n<li><em>Candanius pehuenche<\/em> Pineda, 2021<\/li>\n\n\n\n<li><em>Candanius ramirezi<\/em> Pineda, 2018<\/li>\n\n\n\n<li><em>Cardiophorus herbsti&nbsp;<\/em>Fleutiaux, 1910<\/li>\n\n\n\n<li><em>Cardiorhinus chilensis<\/em>&nbsp;Golbach, 1983<\/li>\n\n\n\n<li><em>Cardiorhinus granulosus<\/em>&nbsp;Solier, 1851<\/li>\n\n\n\n<li><em>Cardiorhinus unicolor<\/em>&nbsp;Golbach, 1983<\/li>\n\n\n\n<li><em>Cardiotalpa psammophila<\/em> Pineda, 2022<\/li>\n\n\n\n<li><em>Cardiotalpa subpilosa\u00a0<\/em>Pineda, 2025<\/li>\n\n\n\n<li><em>Chileaphricus\u00a0chilensis<\/em>\u00a0(Fleutiaux, 1940)<\/li>\n\n\n\n<li><em>Compsoctenus elegans<\/em>&nbsp;Philippi, 1861<\/li>\n\n\n\n<li><em>Cosmesus minusculus&nbsp;<\/em>Schwarz, 1904<\/li>\n\n\n\n<li><em>Cosmesus striatus&nbsp;<\/em>Cand\u00e8ze, 1863<\/li>\n\n\n\n<li><em>Ctenicera canaliculata<\/em>&nbsp;(Fairmaire, 1885)<\/li>\n\n\n\n<li><em>Deromecus agriotes&nbsp;<\/em>Cand\u00e8ze, 1878<\/li>\n\n\n\n<li><em>Deromecus anchastinus&nbsp;<\/em>Cand\u00e8ze, 1881<\/li>\n\n\n\n<li><em>Deromecus angustatus&nbsp;<\/em>Solier, 1851<\/li>\n\n\n\n<li><em>Deromecus anthracinus<\/em>&nbsp;Cand\u00e8ze, 1900<\/li>\n\n\n\n<li><em>Deromecus carinatus&nbsp;<\/em>Cand\u00e8ze, 1881<\/li>\n\n\n\n<li><em>Deromecus cervinus<\/em>&nbsp;Cand\u00e8ze, 1881<\/li>\n\n\n\n<li><em>Deromecus curtus&nbsp;<\/em>Cand\u00e8ze, 1878<\/li>\n\n\n\n<li><em>Deromecus debilis<\/em>&nbsp;Cand\u00e8ze, 1878<\/li>\n\n\n\n<li><em>Deromecus delfini<\/em>&nbsp;Fleutiaux, 1907<\/li>\n\n\n\n<li><em>Deromecus filicornis&nbsp;<\/em>Solier, 1851<\/li>\n\n\n\n<li><em>Deromecus fulvus<\/em>&nbsp;Fleutiaux, 1907<\/li>\n\n\n\n<li><em>Deromecus germaini&nbsp;<\/em>Fleutiaux, 1907<\/li>\n\n\n\n<li><em>Deromecus griscescens&nbsp;<\/em>Cand\u00e8ze, 1878<\/li>\n\n\n\n<li><em>Deromecus inops<\/em>&nbsp;Cand\u00e8ze, 1878<\/li>\n\n\n\n<li><em>Deromecus melanurus&nbsp;<\/em>Fleutiaux, 1907<\/li>\n\n\n\n<li><em>Deromecus niger<\/em>&nbsp;Schwarz, 1900<\/li>\n\n\n\n<li><em>Deromecus nigricornis<\/em>&nbsp;Cand\u00e8ze, 1860<\/li>\n\n\n\n<li><em>Deromecus rubricollis&nbsp;<\/em>Solier, 1851<\/li>\n\n\n\n<li><em>Deromecus sanguinicollis<\/em>&nbsp;Cand\u00e8ze, 1878<\/li>\n\n\n\n<li><em>Deromecus scapularis&nbsp;<\/em>Cand\u00e8ze, 1878<\/li>\n\n\n\n<li><em>Deromecus tenuicollis<\/em>&nbsp;Cand\u00e8ze, 1881<\/li>\n\n\n\n<li><em>Dilobitarsus crassus <\/em>Pineda, 2021<\/li>\n\n\n\n<li><em>Dilobitarsus crux&nbsp;<\/em>(Philippi &amp;&nbsp;Philippi, 1860)<\/li>\n\n\n\n<li><em>Dilobitarsus holomelas<\/em> Pineda, 2021<\/li>\n\n\n\n<li><em>Dilobitarsus laconoides<\/em>&nbsp;(Fleutiaux, 1907)<\/li>\n\n\n\n<li><em>Dilobitarsus lativittatus<\/em> Pineda, 2021<\/li>\n\n\n\n<li><em>Dilobitarsus magnipunctatus<\/em> Pineda, 2021<\/li>\n\n\n\n<li><em>Dilobitarsus sagittatus<\/em> Pineda, 2021<\/li>\n\n\n\n<li><em>Dilobitarsus sulcicollis<\/em>&nbsp;(Solier, 1851)<\/li>\n\n\n\n<li><em>Dilobitarsus vitticollis<\/em>&nbsp;(Fairmaire &amp; Germain, 1860)<\/li>\n\n\n\n<li><em>Dipropus chilensis<\/em>&nbsp;(Fleutiaux, 1910)<\/li>\n\n\n\n<li><em>Drapetes plagiatus<\/em> (Boheman, 1858)<\/li>\n\n\n\n<li><em>Eanus (Eanus) densipunctatus <\/em>Pineda, 2020<\/li>\n\n\n\n<li><em>Eanus (Eanus) philippii<\/em>&nbsp;(Fleutiaux, 1910)<\/li>\n\n\n\n<li><em>Elater decorus&nbsp;<\/em>(Germar, 1843)<\/li>\n\n\n\n<li><em>Elater ruficollis<\/em>&nbsp;(Solier, 1851)<\/li>\n\n\n\n<li><em>Gabryella attenuata<\/em>&nbsp;(Solier, 1851)<\/li>\n\n\n\n<li><em>Gabryella elguetai&nbsp;<\/em>Arias-Bohart, 2001<\/li>\n\n\n\n<li><em>Gabryella nancyta&nbsp;<\/em>Arias-Bohart, 2001<\/li>\n\n\n\n<li><em>Gabryella umbilicata<\/em>&nbsp;(Cand\u00e8ze, 1860)<\/li>\n\n\n\n<li><em>Gabryella wulfklohnai<\/em>&nbsp;Arias-Bohart, 2001<\/li>\n\n\n\n<li><em>Grammephorus rufipennis<\/em>&nbsp;Solier, 1851<\/li>\n\n\n\n<li><em>Heteroderes amplicollis<\/em>&nbsp;(Gyllenhal, 1817)<\/li>\n\n\n\n<li><em>Heteroderes rufangulus<\/em>&nbsp;(Gyllenhal, 1817)<\/li>\n\n\n\n<li><em>Horistonotus castaneus<\/em>&nbsp;Steinheil, 1874<\/li>\n\n\n\n<li><em>Ischnodes elguetai<\/em>&nbsp;Aranda, 1999<\/li>\n\n\n\n<li><em>Ischnodes reedi&nbsp;<\/em>(Cand\u00e8ze, 1881)<\/li>\n\n\n\n<li><em>Lacon chilensis&nbsp;<\/em>(Solier, 1851)<\/li>\n\n\n\n<li><em>Lacon fairmairei&nbsp;<\/em>(Cand\u00e8ze, 1881)<\/li>\n\n\n\n<li><em>Llanquihue carlota<\/em>&nbsp;Arias-Bohart, 2008<\/li>\n\n\n\n<li><em>Llanquihue vittipennis<\/em>&nbsp;(Cand\u00e8ze, 1900)<\/li>\n\n\n\n<li><em>Lynnyella concepcionensis<\/em>&nbsp;Arias-Bohart, 2001<\/li>\n\n\n\n<li><em>Lynnyella diegoi&nbsp;<\/em>Arias-Bohart, 2001<\/li>\n\n\n\n<li><em>Lynnyella gerhardtae<\/em>&nbsp;Arias-Bohart, 2001<\/li>\n\n\n\n<li><em>Lynnyella juanjoseorum<\/em>&nbsp;Arias-Bohart, 2001<\/li>\n\n\n\n<li><em>Lynnyella longaviensis<\/em>&nbsp;Arias-Bohart, 2001<\/li>\n\n\n\n<li><em>Lynnyella suturalis<\/em>&nbsp;(Cand\u00e8ze, 1865)<\/li>\n\n\n\n<li><em>Lynnyella valenciai<\/em>&nbsp;Arias-Bohart, 2001<\/li>\n\n\n\n<li><em>Malalcahuello ocaresi <\/em>Arias-Bohart, 2015<\/li>\n\n\n\n<li><em>Margaiostus andicola<\/em>&nbsp;(Fairmaire &amp; Germain, 1860)<\/li>\n\n\n\n<li><em>Margaiostus magellanicus<\/em>&nbsp;(Blanchard, 1853)<\/li>\n\n\n\n<li><em>Mecothorax anticura<\/em>&nbsp;Arias-Bohart, 2007<\/li>\n\n\n\n<li><em>Mecothorax calafquen<\/em>&nbsp;Arias-Bohart, 2007<\/li>\n\n\n\n<li><em>Mecothorax carmenjuliae<\/em>&nbsp;Arias-Bohart, 2007<\/li>\n\n\n\n<li><em>Mecothorax castanipennis&nbsp;<\/em>Solier, 1851&nbsp;&nbsp;<\/li>\n\n\n\n<li><em>Mecothorax duhatao&nbsp;<\/em>Arias-Bohart, 2007<\/li>\n\n\n\n<li><em>Mecothorax girardai&nbsp;<\/em>Arias-Bohart, 2007<\/li>\n\n\n\n<li><em>Mecothorax maipoensis&nbsp;<\/em>Arias-Bohart, 2007<\/li>\n\n\n\n<li><em>Mecothorax maturanai&nbsp;<\/em>Arias-Bohart, 2007<\/li>\n\n\n\n<li><em>Mecothorax pichinahuel<\/em>&nbsp;Arias-Bohart, 2007<\/li>\n\n\n\n<li><em>Mecothorax pucatrihue<\/em>&nbsp;Arias-Bohart, 2007<\/li>\n\n\n\n<li><em>Mecothorax valdiviensis<\/em>&nbsp;Arias-Bohart, 2007<\/li>\n\n\n\n<li><em>Mecothorax valparaisensis&nbsp;<\/em>Arias-Bohart, 2007<\/li>\n\n\n\n<li><em>Mecothorax villarricensis<\/em>&nbsp;Arias-Bohart, 2007<\/li>\n\n\n\n<li><em>Mecothorax vulgaris<\/em>&nbsp;(Solier, 1851)<\/li>\n\n\n\n<li><em>Monocrepidius pallidus<\/em> Pineda, 2021<\/li>\n\n\n\n<li><em>Monocrepidius&nbsp;chilensis<\/em>&nbsp;(Schwarz, 1904)&nbsp;&nbsp;<\/li>\n\n\n\n<li><em>Monocrepidius&nbsp;depressus<\/em>&nbsp;(Solier, 1851)<\/li>\n\n\n\n<li><em>Nyctophyxis ocellatus<\/em>&nbsp;(Germar, 1841)<\/li>\n\n\n\n<li><em>Olotelus femoralis&nbsp;<\/em>Solier, 1851<\/li>\n\n\n\n<li><em>Osorno ambiguus<\/em>&nbsp;Cand\u00e8ze, 1881<\/li>\n\n\n\n<li><em>Ovipalpus nigromarginatus <\/em>Pineda, 2019<\/li>\n\n\n\n<li><em>Ovipalpus piceus&nbsp;<\/em>Fleutiaux, 1910<\/li>\n\n\n\n<li><em>Ovipalpus pubescens<\/em>&nbsp;Solier, 1851<\/li>\n\n\n\n<li><em>Paradonus atomus&nbsp;<\/em>(Cand\u00e8ze, 1878)<\/li>\n\n\n\n<li><em>Paradonus nivalis<\/em>&nbsp;(Fairmaire &amp; Germain, 1860)<\/li>\n\n\n\n<li><em>Paradonus torquatus<\/em> Pineda, 2021<\/li>\n\n\n\n<li><em>Parallotrius pallipes<\/em>&nbsp;(Philippi, 1861)<\/li>\n\n\n\n<li><em>Phanophorus perspicax<\/em>&nbsp;(Gu\u00e9rin-M\u00e9neville, 1830)<\/li>\n\n\n\n<li><em>Podonema aluperam&nbsp;<\/em>Arias-Bohart, 2010<\/li>\n\n\n\n<li><em>Podonema dalcahue<\/em>&nbsp;Arias-Bohart, 2010<\/li>\n\n\n\n<li><em>Podonema impressum&nbsp;<\/em>Solier, 1851<\/li>\n\n\n\n<li><em>Podonema kopihue<\/em>&nbsp;Arias-Bohart, 2010<\/li>\n\n\n\n<li><em>Podonema maihue&nbsp;<\/em>Arias-Bohart, 2010<\/li>\n\n\n\n<li><em>Podonema mawida<\/em>&nbsp;Arias-Bohart, 2010<\/li>\n\n\n\n<li><em>Podonema obscuratum<\/em>&nbsp;(Golbach, 1979)<\/li>\n\n\n\n<li><em>Podonema palmarensis<\/em>&nbsp;Arias-Bohart, 2010<\/li>\n\n\n\n<li><em>Podonema wiloi<\/em>&nbsp;Arias-Bohart, 2010<\/li>\n\n\n\n<li><em>Pseudiconus mendax<\/em>&nbsp;Cand\u00e8ze, 1881<\/li>\n\n\n\n<li><em>Pseudoderomecus fairmairei<\/em>&nbsp;(Cand\u00e8ze, 1878)<\/li>\n\n\n\n<li><em>Semiotus luteipennis<\/em>&nbsp;(Gu\u00e9rin-M\u00e9neville, 1838)<\/li>\n\n\n\n<li><em>Sharon amoenus<\/em> (Philippi, 1861) <strong>(subspp. <em>amoenus <\/em>e <em>inornatipennis<\/em>) <\/strong><\/li>\n\n\n\n<li><em>Sharon patagonicus<\/em> Pineda &amp; Di\u00e9guez, 2022<\/li>\n\n\n\n<li><em>Simodactylus delfini<\/em>&nbsp;Fleutiaux, 1907<\/li>\n\n\n\n<li><em>Sofia flordelago<\/em> Arias-Bohart, 2013<\/li>\n\n\n\n<li><em>Sofia sulcata<\/em>&nbsp;(Solier, 1851)<\/li>\n\n\n\n<li><em>Somomecus parallelus<\/em>&nbsp;Solier, 1851<\/li>\n\n\n\n<li><em>Stenocebrio coquimbensis&nbsp;<\/em>Solervicens, 1988<\/li>\n\n\n\n<li><em>Tibionema abdominalis<\/em>&nbsp;(Gu\u00e9rin-M\u00e9neville, 1838)<\/li>\n\n\n\n<li><em>Tunon guinezi<\/em> Arias-Bohart, 2013<\/li>\n\n\n\n<li><em>Valdivelater krahmerus<\/em>&nbsp;Lawrence &amp;&nbsp; Arias-Bohart, 2009<\/li>\n\n\n\n<li><em>Valdivelater oncolensis<\/em>&nbsp;Lawrence&nbsp; &amp;&nbsp; Arias-Bohart, 2009<\/li>\n<\/ul>\n\n\n\n<p>\u2014<\/p>\n\n\n\n<p class=\"has-medium-font-size\"><strong>Referencias<\/strong><\/p>\n\n\n\n<p><strong>Arias-Bohart, E. (2013).<\/strong> Revision of the genus <em>Sofia<\/em> (Arias, 2005) from southern Chile. <em>Bulletin de la Soci\u00e9t\u00e9 entomologique de France, 118<\/em>(2): 257-262.<\/p>\n\n\n\n<p><strong>Arias-Bohart, E. (2013).<\/strong> <em>Tunon<\/em>, a new genus of Protelaterini (Elateridae: Lissominae) from southern Chile. <em>Pan-Pacific Entomologist, 89<\/em>(3): 159-167.<\/p>\n\n\n\n<p><strong>Arias-Bohart, E. (2014).<\/strong> <em>Carlota<\/em>, a new genus of Agrypninae (Elateridae: Lissominae) with a key for Chilean Agrypnini. <em>Zookeys, 417<\/em>: 57-69.<\/p>\n\n\n\n<p><strong>Arias-Bohart, E. (2015).<\/strong> A new genus <em>Sharon<\/em> for the Chilean species <em>Asaphes<\/em>? <em>amoenus <\/em>Philippi, 1861 (Coleoptera: Elateridae). <em>European Journal of Taxonomy, 142<\/em>: 1-15.<\/p>\n\n\n\n<p><strong>Arias-Bohart, E. (2015).<\/strong> <em>Malalcahuello ocaresi<\/em>, Gen. &amp; sp. nov.&nbsp; (Elateridae Campyloxeninae). <em>Zookeys, 508<\/em>: 1-13.<\/p>\n\n\n\n<p><strong>Arias-Bohart, E. &amp; Elgueta, M. (2012).<\/strong> Catalogue of Chilean Elateridae. <em>Annales Zoologic (Warszawa), 62<\/em>(4): 643-668.<\/p>\n\n\n\n<p><strong>Douglas, H.B. (2017).<\/strong> World reclassification of the Cardiophorinae (Coleoptera, Elateridae), based on phylogenetic analyses of morphological characters. <em>ZooKeys, 655<\/em>: 1-30.<\/p>\n\n\n\n<p><strong>Pineda, C. (2018).<\/strong> Nuevas especies del g\u00e9nero <em>Candanius<\/em> von Hayek (Coleoptera: Elateridae: Agrypninae) de Chile. <em>Revista Chilena de Entomolog\u00eda, 44<\/em>(2): 215-231.<\/p>\n\n\n\n<p><strong>Pineda, C. (2019).<\/strong> Notas sobre <em>Ovipalpus <\/em>Solier (Coleoptera: Elateridae), con descripci\u00f3n de una nueva especie de Chile. <em>Revista Chilena de Entomolog\u00eda, 45<\/em>(4): 613-617.<\/p>\n\n\n\n<p><strong>Pineda, C. (2019).<\/strong> Nuevas especies y nueva sinonimia gen\u00e9rica en <em>Candanius <\/em>von Hayek (Coleoptera: Elateridae: Agrypninae). <em>Revista Chilena de Entomolog\u00eda, 45<\/em>(2): 195-199.<\/p>\n\n\n\n<p><strong>Pineda, C. (2020).<\/strong> Notas sobre <em>Candanius<\/em> von Hayek (Coleoptera: Elateridae), con descripci\u00f3n de una nueva especie de Chile. <em>Revista Chilena de Entomolog\u00eda, 46<\/em>(2): 255-262.<\/p>\n\n\n\n<p><strong>Pineda, C. (2020).<\/strong> Una segunda especie del g\u00e9nero <em>Eanus <\/em>(<em>Eanus<\/em>) LeConte (Coleoptera: Elateridae: Athoinae) para Chile. <em>Revista Chilena de Entomolog\u00eda, 46<\/em>(4): 577-583.<\/p>\n\n\n\n<p><strong>Pineda, C. (2021).<\/strong> Descripci\u00f3n de tres nuevas especies de Elateridae (Coleoptera) de Chile y primera ilustraci\u00f3n fotogr\u00e1fica de la poco conocida especie <em>Pseudodiaeretus selkirki<\/em> Fleutiaux, 1924 (Coleoptera: Eucnemidae). <em>Bolet\u00edn del Museo Nacional de Historia Natural de Paraguay, 25<\/em>(2): 150-161.<\/p>\n\n\n\n<p><strong>Pineda, C. (2021).<\/strong> Nuevas especies de la tribu Agrypnini Cand\u00e8ze, 1857 (Coleoptera: Elateridae) de Chile, con notas taxon\u00f3micas sobre la validez del g\u00e9nero <em>Carlota <\/em>Arias-Bohart, 2014 y designaci\u00f3n del lectotipo de <em>Adelocera vitticollis<\/em> Fairmaire &amp; Germain, 1860. <em>Revista Chilena de Entomolog\u00eda, 47<\/em>(3): 521-544.<\/p>\n\n\n\n<p><strong>Pineda, C. (2021).<\/strong> Una nueva especie cr\u00edptica del g\u00e9nero <em>Dilobitarsus<\/em> Latreille (Coleoptera: Elateridae: Agrypninae) de Chile.<em> Bolet\u00edn del Museo Nacional de Historia Natural de Paraguay, 25<\/em>(1): 5-12.<\/p>\n\n\n\n<p><strong>Pineda, C. (2022).<\/strong> Nuevo g\u00e9nero y especie de Cardiophorinae (Coleoptera: Elateridae) de Chile, con comentarios sobre la posible sinonimia de <em>Horistonotus convexicollis<\/em> Cand\u00e8ze, 1860 y <em>Austrocardiophorus elegans<\/em> (Solier, 1851), y fijaci\u00f3n del holotipo por monotipia de <em>Cardiophorus humeralis<\/em> Fairmaire y Germain, 1860. <em>Anales del Museo de Historia Natural de Valpara\u00edso, 34<\/em>: 7-24.<\/p>\n\n\n\n<p><strong>Pineda, C. &amp; Di\u00e9guez, V.M. (2022).<\/strong> Nuevos taxones del g\u00e9nero <em>Sharon<\/em> Arias-Bohart &amp; Elgueta, 2015 y primer registro de la subfamilia Lissominae Laporte, 1835 para Chile (Coleoptera: Elateridae).<em> Bolet\u00edn del Museo Nacional de Historia Natural de Paraguay, 26<\/em>(2): 93-103.<\/p>\n","protected":false},"excerpt":{"rendered":"<p>Phylum&nbsp;Arthropoda&nbsp;| Clase&nbsp;Insecta&nbsp;| Orden&nbsp;Coleoptera Investigador(es) a cargo:&nbsp;Cristian Pineda. Citar como:&nbsp;Pineda, C.&nbsp;Elateridae&nbsp;de Chile. ChileFauna. Recuperado el [inserte fecha de consulta] de [URL]. \u2014 Elateridae&nbsp;Leach, 1815 Elateridae es una familia del orden Coleoptera (Insecta). \u2014 Elateridae&nbsp;de Chile Hasta la fecha, se han descrito 166 especies de elat\u00e9ridos para Chile, no obstante, a\u00fan hay muchas m\u00e1s sin describir. N\u00famero &hellip;<\/p>\n<p class=\"read-more\"> <a class=\"\" href=\"https:\/\/www.chilefauna.cl\/index.php\/elateridae-de-chile\/\"> <span class=\"screen-reader-text\">Elateridae de Chile<\/span> Leer m\u00e1s \u00bb<\/a><\/p>\n","protected":false},"author":5,"featured_media":0,"comment_status":"open","ping_status":"open","sticky":false,"template":"","format":"standard","meta":{"om_disable_all_campaigns":false,"_monsterinsights_skip_tracking":false,"_monsterinsights_sitenote_active":false,"_monsterinsights_sitenote_note":"","_monsterinsights_sitenote_category":0,"site-sidebar-layout":"default","site-content-layout":"","ast-site-content-layout":"default","site-content-style":"default","site-sidebar-style":"default","ast-global-header-display":"","ast-banner-title-visibility":"","ast-main-header-display":"","ast-hfb-above-header-display":"","ast-hfb-below-header-display":"","ast-hfb-mobile-header-display":"","site-post-title":"","ast-breadcrumbs-content":"","ast-featured-img":"","footer-sml-layout":"","theme-transparent-header-meta":"","adv-header-id-meta":"","stick-header-meta":"","header-above-stick-meta":"","header-main-stick-meta":"","header-below-stick-meta":"","astra-migrate-meta-layouts":"set","footnotes":""},"categories":[8],"tags":[],"class_list":["post-2078","post","type-post","status-publish","format-standard","hentry","category-especies"],"yoast_head":"<!-- This site is optimized with the Yoast SEO plugin v21.1 - https:\/\/yoast.com\/wordpress\/plugins\/seo\/ -->\n<title>Elateridae de Chile - ChileFauna<\/title>\n<meta name=\"robots\" content=\"index, follow, max-snippet:-1, max-image-preview:large, max-video-preview:-1\" \/>\n<link rel=\"canonical\" href=\"https:\/\/www.chilefauna.cl\/index.php\/elateridae-de-chile\/\" \/>\n<meta property=\"og:locale\" content=\"es_ES\" \/>\n<meta property=\"og:type\" content=\"article\" \/>\n<meta property=\"og:title\" content=\"Elateridae de Chile - ChileFauna\" \/>\n<meta property=\"og:description\" content=\"Phylum&nbsp;Arthropoda&nbsp;| Clase&nbsp;Insecta&nbsp;| Orden&nbsp;Coleoptera Investigador(es) a cargo:&nbsp;Cristian Pineda. Citar como:&nbsp;Pineda, C.&nbsp;Elateridae&nbsp;de Chile. ChileFauna. Recuperado el [inserte fecha de consulta] de [URL]. \u2014 Elateridae&nbsp;Leach, 1815 Elateridae es una familia del orden Coleoptera (Insecta). \u2014 Elateridae&nbsp;de Chile Hasta la fecha, se han descrito 166 especies de elat\u00e9ridos para Chile, no obstante, a\u00fan hay muchas m\u00e1s sin describir. N\u00famero &hellip; Elateridae de Chile Leer m\u00e1s \u00bb\" \/>\n<meta property=\"og:url\" content=\"https:\/\/www.chilefauna.cl\/index.php\/elateridae-de-chile\/\" \/>\n<meta property=\"og:site_name\" content=\"ChileFauna\" \/>\n<meta property=\"article:published_time\" content=\"2024-04-07T20:58:44+00:00\" \/>\n<meta property=\"article:modified_time\" content=\"2026-01-04T22:52:14+00:00\" \/>\n<meta name=\"author\" content=\"Tomas\" \/>\n<meta name=\"twitter:card\" content=\"summary_large_image\" \/>\n<meta name=\"twitter:label1\" content=\"Escrito por\" \/>\n\t<meta name=\"twitter:data1\" content=\"Tomas\" \/>\n\t<meta name=\"twitter:label2\" content=\"Tiempo de lectura\" \/>\n\t<meta name=\"twitter:data2\" content=\"6 minutos\" \/>\n<script type=\"application\/ld+json\" class=\"yoast-schema-graph\">{\"@context\":\"https:\/\/schema.org\",\"@graph\":[{\"@type\":\"Article\",\"@id\":\"https:\/\/www.chilefauna.cl\/index.php\/elateridae-de-chile\/#article\",\"isPartOf\":{\"@id\":\"https:\/\/www.chilefauna.cl\/index.php\/elateridae-de-chile\/\"},\"author\":{\"name\":\"Tomas\",\"@id\":\"https:\/\/www.chilefauna.cl\/#\/schema\/person\/e3af2a73d74cff55082dd5248db830f1\"},\"headline\":\"Elateridae de Chile\",\"datePublished\":\"2024-04-07T20:58:44+00:00\",\"dateModified\":\"2026-01-04T22:52:14+00:00\",\"mainEntityOfPage\":{\"@id\":\"https:\/\/www.chilefauna.cl\/index.php\/elateridae-de-chile\/\"},\"wordCount\":1227,\"commentCount\":0,\"publisher\":{\"@id\":\"https:\/\/www.chilefauna.cl\/#organization\"},\"articleSection\":[\"Especies\"],\"inLanguage\":\"es\",\"potentialAction\":[{\"@type\":\"CommentAction\",\"name\":\"Comment\",\"target\":[\"https:\/\/www.chilefauna.cl\/index.php\/elateridae-de-chile\/#respond\"]}]},{\"@type\":\"WebPage\",\"@id\":\"https:\/\/www.chilefauna.cl\/index.php\/elateridae-de-chile\/\",\"url\":\"https:\/\/www.chilefauna.cl\/index.php\/elateridae-de-chile\/\",\"name\":\"Elateridae de Chile - ChileFauna\",\"isPartOf\":{\"@id\":\"https:\/\/www.chilefauna.cl\/#website\"},\"datePublished\":\"2024-04-07T20:58:44+00:00\",\"dateModified\":\"2026-01-04T22:52:14+00:00\",\"breadcrumb\":{\"@id\":\"https:\/\/www.chilefauna.cl\/index.php\/elateridae-de-chile\/#breadcrumb\"},\"inLanguage\":\"es\",\"potentialAction\":[{\"@type\":\"ReadAction\",\"target\":[\"https:\/\/www.chilefauna.cl\/index.php\/elateridae-de-chile\/\"]}]},{\"@type\":\"BreadcrumbList\",\"@id\":\"https:\/\/www.chilefauna.cl\/index.php\/elateridae-de-chile\/#breadcrumb\",\"itemListElement\":[{\"@type\":\"ListItem\",\"position\":1,\"name\":\"Portada\",\"item\":\"https:\/\/www.chilefauna.cl\/\"},{\"@type\":\"ListItem\",\"position\":2,\"name\":\"Elateridae de Chile\"}]},{\"@type\":\"WebSite\",\"@id\":\"https:\/\/www.chilefauna.cl\/#website\",\"url\":\"https:\/\/www.chilefauna.cl\/\",\"name\":\"ChileFauna\",\"description\":\"\",\"publisher\":{\"@id\":\"https:\/\/www.chilefauna.cl\/#organization\"},\"potentialAction\":[{\"@type\":\"SearchAction\",\"target\":{\"@type\":\"EntryPoint\",\"urlTemplate\":\"https:\/\/www.chilefauna.cl\/?s={search_term_string}\"},\"query-input\":\"required name=search_term_string\"}],\"inLanguage\":\"es\"},{\"@type\":\"Organization\",\"@id\":\"https:\/\/www.chilefauna.cl\/#organization\",\"name\":\"ChileFauna\",\"url\":\"https:\/\/www.chilefauna.cl\/\",\"logo\":{\"@type\":\"ImageObject\",\"inLanguage\":\"es\",\"@id\":\"https:\/\/www.chilefauna.cl\/#\/schema\/logo\/image\/\",\"url\":\"https:\/\/www.chilefauna.cl\/wp-content\/uploads\/2023\/09\/CHILE-FAUNA-LOGO-FONDO-BLANCO.jpg\",\"contentUrl\":\"https:\/\/www.chilefauna.cl\/wp-content\/uploads\/2023\/09\/CHILE-FAUNA-LOGO-FONDO-BLANCO.jpg\",\"width\":500,\"height\":184,\"caption\":\"ChileFauna\"},\"image\":{\"@id\":\"https:\/\/www.chilefauna.cl\/#\/schema\/logo\/image\/\"}},{\"@type\":\"Person\",\"@id\":\"https:\/\/www.chilefauna.cl\/#\/schema\/person\/e3af2a73d74cff55082dd5248db830f1\",\"name\":\"Tomas\",\"image\":{\"@type\":\"ImageObject\",\"inLanguage\":\"es\",\"@id\":\"https:\/\/www.chilefauna.cl\/#\/schema\/person\/image\/\",\"url\":\"https:\/\/secure.gravatar.com\/avatar\/30bd54c6e7cf51d0ad4fdb22402ae48d36c05ff8d735bb865e00d2407d368e70?s=96&d=mm&r=g\",\"contentUrl\":\"https:\/\/secure.gravatar.com\/avatar\/30bd54c6e7cf51d0ad4fdb22402ae48d36c05ff8d735bb865e00d2407d368e70?s=96&d=mm&r=g\",\"caption\":\"Tomas\"},\"url\":\"https:\/\/www.chilefauna.cl\/index.php\/author\/tomas\/\"}]}<\/script>\n<!-- \/ Yoast SEO plugin. -->","yoast_head_json":{"title":"Elateridae de Chile - ChileFauna","robots":{"index":"index","follow":"follow","max-snippet":"max-snippet:-1","max-image-preview":"max-image-preview:large","max-video-preview":"max-video-preview:-1"},"canonical":"https:\/\/www.chilefauna.cl\/index.php\/elateridae-de-chile\/","og_locale":"es_ES","og_type":"article","og_title":"Elateridae de Chile - ChileFauna","og_description":"Phylum&nbsp;Arthropoda&nbsp;| Clase&nbsp;Insecta&nbsp;| Orden&nbsp;Coleoptera Investigador(es) a cargo:&nbsp;Cristian Pineda. Citar como:&nbsp;Pineda, C.&nbsp;Elateridae&nbsp;de Chile. ChileFauna. Recuperado el [inserte fecha de consulta] de [URL]. \u2014 Elateridae&nbsp;Leach, 1815 Elateridae es una familia del orden Coleoptera (Insecta). \u2014 Elateridae&nbsp;de Chile Hasta la fecha, se han descrito 166 especies de elat\u00e9ridos para Chile, no obstante, a\u00fan hay muchas m\u00e1s sin describir. N\u00famero &hellip; Elateridae de Chile Leer m\u00e1s \u00bb","og_url":"https:\/\/www.chilefauna.cl\/index.php\/elateridae-de-chile\/","og_site_name":"ChileFauna","article_published_time":"2024-04-07T20:58:44+00:00","article_modified_time":"2026-01-04T22:52:14+00:00","author":"Tomas","twitter_card":"summary_large_image","twitter_misc":{"Escrito por":"Tomas","Tiempo de lectura":"6 minutos"},"schema":{"@context":"https:\/\/schema.org","@graph":[{"@type":"Article","@id":"https:\/\/www.chilefauna.cl\/index.php\/elateridae-de-chile\/#article","isPartOf":{"@id":"https:\/\/www.chilefauna.cl\/index.php\/elateridae-de-chile\/"},"author":{"name":"Tomas","@id":"https:\/\/www.chilefauna.cl\/#\/schema\/person\/e3af2a73d74cff55082dd5248db830f1"},"headline":"Elateridae de Chile","datePublished":"2024-04-07T20:58:44+00:00","dateModified":"2026-01-04T22:52:14+00:00","mainEntityOfPage":{"@id":"https:\/\/www.chilefauna.cl\/index.php\/elateridae-de-chile\/"},"wordCount":1227,"commentCount":0,"publisher":{"@id":"https:\/\/www.chilefauna.cl\/#organization"},"articleSection":["Especies"],"inLanguage":"es","potentialAction":[{"@type":"CommentAction","name":"Comment","target":["https:\/\/www.chilefauna.cl\/index.php\/elateridae-de-chile\/#respond"]}]},{"@type":"WebPage","@id":"https:\/\/www.chilefauna.cl\/index.php\/elateridae-de-chile\/","url":"https:\/\/www.chilefauna.cl\/index.php\/elateridae-de-chile\/","name":"Elateridae de Chile - ChileFauna","isPartOf":{"@id":"https:\/\/www.chilefauna.cl\/#website"},"datePublished":"2024-04-07T20:58:44+00:00","dateModified":"2026-01-04T22:52:14+00:00","breadcrumb":{"@id":"https:\/\/www.chilefauna.cl\/index.php\/elateridae-de-chile\/#breadcrumb"},"inLanguage":"es","potentialAction":[{"@type":"ReadAction","target":["https:\/\/www.chilefauna.cl\/index.php\/elateridae-de-chile\/"]}]},{"@type":"BreadcrumbList","@id":"https:\/\/www.chilefauna.cl\/index.php\/elateridae-de-chile\/#breadcrumb","itemListElement":[{"@type":"ListItem","position":1,"name":"Portada","item":"https:\/\/www.chilefauna.cl\/"},{"@type":"ListItem","position":2,"name":"Elateridae de Chile"}]},{"@type":"WebSite","@id":"https:\/\/www.chilefauna.cl\/#website","url":"https:\/\/www.chilefauna.cl\/","name":"ChileFauna","description":"","publisher":{"@id":"https:\/\/www.chilefauna.cl\/#organization"},"potentialAction":[{"@type":"SearchAction","target":{"@type":"EntryPoint","urlTemplate":"https:\/\/www.chilefauna.cl\/?s={search_term_string}"},"query-input":"required name=search_term_string"}],"inLanguage":"es"},{"@type":"Organization","@id":"https:\/\/www.chilefauna.cl\/#organization","name":"ChileFauna","url":"https:\/\/www.chilefauna.cl\/","logo":{"@type":"ImageObject","inLanguage":"es","@id":"https:\/\/www.chilefauna.cl\/#\/schema\/logo\/image\/","url":"https:\/\/www.chilefauna.cl\/wp-content\/uploads\/2023\/09\/CHILE-FAUNA-LOGO-FONDO-BLANCO.jpg","contentUrl":"https:\/\/www.chilefauna.cl\/wp-content\/uploads\/2023\/09\/CHILE-FAUNA-LOGO-FONDO-BLANCO.jpg","width":500,"height":184,"caption":"ChileFauna"},"image":{"@id":"https:\/\/www.chilefauna.cl\/#\/schema\/logo\/image\/"}},{"@type":"Person","@id":"https:\/\/www.chilefauna.cl\/#\/schema\/person\/e3af2a73d74cff55082dd5248db830f1","name":"Tomas","image":{"@type":"ImageObject","inLanguage":"es","@id":"https:\/\/www.chilefauna.cl\/#\/schema\/person\/image\/","url":"https:\/\/secure.gravatar.com\/avatar\/30bd54c6e7cf51d0ad4fdb22402ae48d36c05ff8d735bb865e00d2407d368e70?s=96&d=mm&r=g","contentUrl":"https:\/\/secure.gravatar.com\/avatar\/30bd54c6e7cf51d0ad4fdb22402ae48d36c05ff8d735bb865e00d2407d368e70?s=96&d=mm&r=g","caption":"Tomas"},"url":"https:\/\/www.chilefauna.cl\/index.php\/author\/tomas\/"}]}},"_links":{"self":[{"href":"https:\/\/www.chilefauna.cl\/index.php\/wp-json\/wp\/v2\/posts\/2078","targetHints":{"allow":["GET"]}}],"collection":[{"href":"https:\/\/www.chilefauna.cl\/index.php\/wp-json\/wp\/v2\/posts"}],"about":[{"href":"https:\/\/www.chilefauna.cl\/index.php\/wp-json\/wp\/v2\/types\/post"}],"author":[{"embeddable":true,"href":"https:\/\/www.chilefauna.cl\/index.php\/wp-json\/wp\/v2\/users\/5"}],"replies":[{"embeddable":true,"href":"https:\/\/www.chilefauna.cl\/index.php\/wp-json\/wp\/v2\/comments?post=2078"}],"version-history":[{"count":7,"href":"https:\/\/www.chilefauna.cl\/index.php\/wp-json\/wp\/v2\/posts\/2078\/revisions"}],"predecessor-version":[{"id":5557,"href":"https:\/\/www.chilefauna.cl\/index.php\/wp-json\/wp\/v2\/posts\/2078\/revisions\/5557"}],"wp:attachment":[{"href":"https:\/\/www.chilefauna.cl\/index.php\/wp-json\/wp\/v2\/media?parent=2078"}],"wp:term":[{"taxonomy":"category","embeddable":true,"href":"https:\/\/www.chilefauna.cl\/index.php\/wp-json\/wp\/v2\/categories?post=2078"},{"taxonomy":"post_tag","embeddable":true,"href":"https:\/\/www.chilefauna.cl\/index.php\/wp-json\/wp\/v2\/tags?post=2078"}],"curies":[{"name":"wp","href":"https:\/\/api.w.org\/{rel}","templated":true}]}}