{"id":5145,"date":"2025-05-29T20:48:32","date_gmt":"2025-05-29T20:48:32","guid":{"rendered":"https:\/\/www.chilefauna.cl\/?p=5145"},"modified":"2025-05-29T20:48:33","modified_gmt":"2025-05-29T20:48:33","slug":"pudu-puda","status":"publish","type":"post","link":"https:\/\/www.chilefauna.cl\/index.php\/pudu-puda\/","title":{"rendered":"Pudu puda"},"content":{"rendered":"\n<p>Phylum&nbsp;<strong><a href=\"https:\/\/www.chilefauna.cl\/index.php\/chordata-de-chile\/\">Chordata<\/a><\/strong>&nbsp;| Clase&nbsp;<strong><a href=\"https:\/\/www.chilefauna.cl\/index.php\/mammalia-de-chile\/\">Mammalia<\/a><\/strong>&nbsp;| Orden&nbsp;<strong><a href=\"https:\/\/www.chilefauna.cl\/index.php\/artiodactyla-de-chile\/\">Artiodactyla<\/a><\/strong>&nbsp;| Familia&nbsp;<strong><a href=\"https:\/\/www.chilefauna.cl\/index.php\/cervidae-de-chile\/\">Cervidae<\/a><\/strong><\/p>\n\n\n\n<p><strong>Investigador(es) a cargo:\u00a0<\/strong>Ignacio Fern\u00e1ndez Mordoj<\/p>\n\n\n\n<p><strong>Citar como:\u00a0<\/strong>Fern\u00e1ndez Mordoj, I.\u00a0<em>Pudu puda<\/em>. ChileFauna. Recuperado el [inserte fecha de consulta] de [URL]<\/p>\n\n\n\n<p>Esta p\u00e1gina ha sido realizada en colaboraci\u00f3n con la&nbsp;<strong>ONG Mam\u00edferos de Chile<\/strong>.<\/p>\n\n\n\n<figure class=\"wp-block-image size-large is-resized\"><img loading=\"lazy\" decoding=\"async\" width=\"1024\" height=\"263\" src=\"https:\/\/www.chilefauna.cl\/wp-content\/uploads\/2023\/10\/JPG-MC-ONG_Mesa-de-trabajo-1-copia-11-scaled-e1746152230890-1024x263.jpg\" alt=\"\" class=\"wp-image-4935\" style=\"width:326px;height:auto\"\/><\/figure>\n\n\n\n<p>\u2014<\/p>\n\n\n\n<p class=\"has-medium-font-size\"><strong><em>Pudu puda<\/em> <\/strong>(Molina, 1782)<\/p>\n\n\n\n<p><strong>Nombre(s) com\u00fan(es):\u00a0<\/strong>pud\u00fa, venadito, ciervo enano.<\/p>\n\n\n\n<p><strong>Nombre en ingl\u00e9s:\u00a0<\/strong>Southern pudu, Chilean pudu.<\/p>\n\n\n\n<p><strong>Etimolog\u00eda:<\/strong>&nbsp;<\/p>\n\n\n\n<p>\u2014<\/p>\n\n\n\n<p class=\"has-medium-font-size\"><strong>Sinonimia<\/strong><\/p>\n\n\n\n<ul class=\"wp-block-list\">\n<li><em>Capra puda<\/em> Molina, 1782<\/li>\n<\/ul>\n\n\n\n<p>\u2014<\/p>\n\n\n\n<p class=\"has-medium-font-size\"><strong>Subespecies<\/strong><\/p>\n\n\n\n<p>Fuentes-Hurtado <em>et al<\/em>. (2011) diferenciaron a la poblaci\u00f3n de pud\u00faes residentes en Chilo\u00e9 de la poblaci\u00f3n que se encontraba en territorio continental debido a divergencias gen\u00e9ticas relacionadas con el citocromo b y leves diferencias externas siendo los pud\u00faes macho de Chilo\u00e9 m\u00e1s pesados y grandes, por lo que propuso la existencia de dos subespecies, siendo la residente en Chilo\u00e9 <em>P. p.<\/em> <em>chiloensis<\/em>, mientras que la otra ser\u00eda <em>P. p. puda<\/em>. Sin embargo, la ICZN (International Commission on Zoological Nomenclature) deneg\u00f3 la propuesta el a\u00f1o 2012, ya que no se pose\u00edan los criterios m\u00ednimos para que se validara una nueva subespecie seg\u00fan el c\u00f3digo nomenclatural de taxones, siendo as\u00ed un nombre no v\u00e1lido (Guillermo D\u2019El\u00eda 2012).<\/p>\n\n\n\n<p>\u2014<\/p>\n\n\n\n<p class=\"has-medium-font-size\"><strong>Descripci\u00f3n morfol\u00f3gica<\/strong><\/p>\n\n\n\n<p>Es el ciervo m\u00e1s peque\u00f1o de Chile y el tercero del mundo; el peso de los adultos var\u00eda desde los 5-12 kg en las hembras y de 6-13 kg en los machos, y midiendo aproximadamente 90 cm de largo y 40 cm de alto (CONAF 2020).<\/p>\n\n\n\n<p>Poseen un grueso y denso pelaje de color caf\u00e9 rojizo oscuro, orejas ovaladas y un cuello corto as\u00ed como tambi\u00e9n su cola y extremidades. Los machos adultos poseen astas sencillas de hasta 10 cm de largo (CONAF 2020).<\/p>\n\n\n\n<p>Los cervatillos al nacer poseen franjas blanquecinas en el dorso y manchas de igual color en los laterales, las cuales van desapareciendo gradualmente hasta los 3 meses de edad (CONAF 2020).<\/p>\n\n\n\n<p>\u2014<\/p>\n\n\n\n<p class=\"has-medium-font-size\"><strong>Distribuci\u00f3n<\/strong>&nbsp;<strong>y h\u00e1bitat<\/strong><\/p>\n\n\n\n<p><strong>Distribuci\u00f3n global:\u00a0<\/strong>Chile, Argentina.<\/p>\n\n\n\n<p><strong>Regiones de Chile que habita:<\/strong>\u00a0Maule, \u00d1uble, Biob\u00edo, La Araucan\u00eda, Los R\u00edos, Los Lagos y Ays\u00e9n (hasta la Reserva Nacional Las Guaitecas)<\/p>\n\n\n\n<p><strong>iNaturalist<\/strong>&nbsp;(d\u00eda de mes de a\u00f1o):<\/p>\n\n\n\n<p><strong>Cotas de altitud:&nbsp;<\/strong>\u00bf?<\/p>\n\n\n\n<p>El pud\u00fa habita desde el nivel del mar hasta los 1700 m.s.n.m. en bosques maduros y degradados. Suele presentarse en climas templados y lluviosos. En el sur de Chile se les asocia a plantaciones de pino o eucalipto, as\u00ed tambi\u00e9n como la quila (<em>Chusquea quila<\/em>); evita los claros muy extensos y prefiere fisonom\u00edas dominadas por estratos arbustivos con vegetaciones densas como los matorrales, asoci\u00e1ndose a especies tales como el avellano (<em>Gevuina avellana<\/em>), chilco (<em>Fuchsia magellanica<\/em>), maqui <em>(Aristotelia chilensis<\/em>) y luma (<em>Amomyrtus luma<\/em>), manteniendo t\u00faneles bajo este sotobosque para protegerse de los depredadores (Jim\u00e9nez, 2010; UICN, 2016).<\/p>\n\n\n\n<p>\u2014<\/p>\n\n\n\n<p class=\"has-medium-font-size\"><strong>Dieta<\/strong><\/p>\n\n\n\n<p>Son herb\u00edvoros, espec\u00edficamente frug\u00edvoros y fol\u00edvoros, aliment\u00e1ndose de frutas como el maqui y hojas ca\u00eddas (Iriarte, 2008).<\/p>\n\n\n\n<p>\u2014<\/p>\n\n\n\n<p class=\"has-medium-font-size\"><strong>Conducta<\/strong>&nbsp;<strong>y reproducci\u00f3n<\/strong><\/p>\n\n\n\n<p>Son animales cautelosos que evitan la antropizaci\u00f3n, usualmente solitarios que durante gran parte del d\u00eda ejercen baja actividad movi\u00e9ndose por estratos arbustivos, su patr\u00f3n de mayor actividad es nocturno crepuscular para reducir el riesgo de predaci\u00f3n por parte del puma (<em>Puma concolor<\/em>) (Z\u00fa\u00f1iga &amp; Jim\u00e9nez, 2018).<\/p>\n\n\n\n<p>La madurez sexual del pud\u00fa se lleva a cabo entre los 15 a 18 meses de edad y realizan su ciclo reproductivo durante los meses de marzo y abril con una gestaci\u00f3n promedio de 203 d\u00edas (de 7 a 9 meses) generando partos entre los meses de octubre a diciembre (CEAL, 1983).<\/p>\n\n\n\n<p>Una observaci\u00f3n sugiere la existencia de dos per\u00edodos reproductivos del pud\u00fa al a\u00f1o, estos per\u00edodos responder\u00edan a condiciones ambientales favorables (Vidal <em>et al<\/em>., 2012).<\/p>\n\n\n\n<p>\u2014<\/p>\n\n\n\n<p class=\"has-medium-font-size\"><strong>Amenazas y conservaci\u00f3n<\/strong><\/p>\n\n\n\n<ul class=\"wp-block-list\">\n<li><strong>IUCN:<\/strong> Casi Amenazado (NT)<\/li>\n\n\n\n<li><strong>RCE:<\/strong>\u00a0Vulnerable (VU)<\/li>\n<\/ul>\n\n\n\n<p>Las amenazas directas son principalmente actividades humanas o procesos que han causado, est\u00e1n causando o podr\u00edan causar la destrucci\u00f3n, degradaci\u00f3n o deterioro del Objeto de Conservaci\u00f3n (CMP 2007). Seg\u00fan diversos estudios (S\u00e1nchez et al. 2017, MMA 2018, Jim\u00e9nez 2010) el pud\u00fa se encuentra expuesto a m\u00faltiples amenazas que lo han hecho caer en la categor\u00eda de Vulnerable (RCE, 2007) y que de no aplicar un control, podr\u00edan provocar que su estado actual sea a\u00fan m\u00e1s cr\u00edtico (CONAF, 2020).<\/p>\n\n\n\n<p>A continuaci\u00f3n se muestra una tabla que indica la priorizaci\u00f3n de amenazas para el <em>Pudu puda<\/em> de acuerdo a los Est\u00e1ndares Abiertos para la Pr\u00e1ctica de Conservaci\u00f3n para las diferentes macrozonas (CONAF, 2020). <strong>Mz <\/strong>= macrozona.<\/p>\n\n\n\n<figure class=\"wp-block-table\"><table class=\"has-fixed-layout\"><tbody><tr><td>Amenaza<\/td><td>Mz. Maule Araucan\u00eda<\/td><td>Mz. Los R\u00edos a los Lagos Norte<\/td><td>Mz. Chilo\u00e9<\/td><td>Mz. Los Lagos Sur a Palena<\/td><td>Priorizaci\u00f3n de amenazas<\/td><\/tr><tr><td>Ganado dom\u00e9stico<\/td><td>Medio<\/td><td>Medio<\/td><td>Medio<\/td><td>Medio<\/td><td>Medio<\/td><\/tr><tr><td>Intrusi\u00f3n y perturbaci\u00f3n humana<\/td><td>Bajo<\/td><td>Bajo<\/td><td>Bajo<\/td><td>Bajo<\/td><td>Bajo<\/td><\/tr><tr><td>Especies ex\u00f3ticas invasoras<\/td><td>Bajo<\/td><td>Bajo<\/td><td>Bajo<\/td><td>Bajo<\/td><td>Bajo<\/td><\/tr><tr><td>Perro dom\u00e9stico<\/td><td>Alto<\/td><td>Alto<\/td><td>Alto<\/td><td>Medio<\/td><td>Alto<\/td><\/tr><tr><td>Incendios<\/td><td>Muy alto<\/td><td>Bajo<\/td><td>Bajo<\/td><td>Bajo<\/td><td>Alto<\/td><\/tr><tr><td>Obras civiles<\/td><td>Alto<\/td><td>Medio<\/td><td>Medio<\/td><td>Medio<\/td><td>Medio<\/td><\/tr><tr><td>P\u00e9rdida de bosque nativo por expansi\u00f3n inmobiliaria y agr\u00edcola<\/td><td>Alto<\/td><td>Alto<\/td><td>Alto<\/td><td>Medio<\/td><td>Alto<\/td><\/tr><tr><td>Captura, caza y tenencia ilegal<\/td><td>Medio<\/td><td>Bajo<\/td><td>Bajo<\/td><td>Bajo<\/td><td>Bajo<\/td><\/tr><tr><td>Tala de bosque para uso dom\u00e9stico<\/td><td>Bajo<\/td><td>Bajo<\/td><td>Alto<\/td><td>Bajo<\/td><td>Medio<\/td><\/tr><tr><td><strong>Grado de amenaza por macrozona<\/strong><\/td><td>Muy alto<\/td><td>Alto<\/td><td>Alto<\/td><td>Medio<\/td><td><\/td><\/tr><\/tbody><\/table><\/figure>\n\n\n\n<p>La CONAF, en colaboraci\u00f3n con la Universidad de Concepci\u00f3n y la Universidad Austral de Chile, publicaron el plan de conservaci\u00f3n del pud\u00fa (<em>Pudu puda<\/em>) el a\u00f1o 2020, que tiene como objetivo mantener o mejorar el estado de conservaci\u00f3n, manteniendo controladas las principales amenazas previamente mencionadas.<\/p>\n\n\n\n<p>Se han propuesto 7 metas para el a\u00f1o 2029:<\/p>\n\n\n\n<ol class=\"wp-block-list\">\n<li>La ocupaci\u00f3n de sitios de perros dom\u00e9sticos en ASP (\u00e1reas silvestres protegidas) con presencia de pud\u00fa, disminuye en al menos un 50% de la ocupaci\u00f3n actual.<\/li>\n\n\n\n<li>La ocupaci\u00f3n de sitios por ganado dom\u00e9stico en ASP con presencia de pud\u00fa, disminuye a menos del 40%.<\/li>\n\n\n\n<li>Planes de manejo que regulan la tala de bosque en zonas de h\u00e1bitat sensible de pud\u00fa.<\/li>\n\n\n\n<li>Plan de ordenamiento territorial que compatibiliza los cambios de uso de suelo con la coexistencia de pud\u00fa.<\/li>\n\n\n\n<li>Registro de caza, tenencia y captura ilegal de pud\u00fa.<\/li>\n\n\n\n<li>Plan que regula los efectos de la intrusi\u00f3n y perturbaci\u00f3n humana en h\u00e1bitat sensible de pud\u00fa.<\/li>\n\n\n\n<li>Plan de prevenci\u00f3n de incendio y un protocolo de rescate de individuo de pud\u00fa afectado por incendio.<\/li>\n<\/ol>\n\n\n\n<p>\u2014<\/p>\n\n\n\n<p class=\"has-medium-font-size\"><strong>Origen evolutivo<\/strong><\/p>\n\n\n\n<p>No hay un historial muy claro acerca de los antepasados que este pudo haber tenido sin embargo hay informaci\u00f3n sobre el origen filogeogr\u00e1fico del pud\u00fa (Cabello, 2019).<\/p>\n\n\n\n<p>Los procesos de glaciaci\u00f3n han modelado la gen\u00e9tica de los bosques templados en Chile y por lo tanto la de muchas de sus especies, como en el caso del pud\u00fa. En base al an\u00e1lisis de 248 muestras de pud\u00fa, colectadas en Chilo\u00e9 y el continente se logr\u00f3 determinar la existencia de 4 unidades evolutivamente significativas independientes (Cabello, 2019).:<\/p>\n\n\n\n<ol class=\"wp-block-list\">\n<li>Chilo\u00e9 (aislada hace aproximadamente 68.000 a\u00f1os).<\/li>\n\n\n\n<li>Continente (los r\u00edos norte a Maule).<\/li>\n\n\n\n<li>Patagonia Sur.<\/li>\n\n\n\n<li>Patagonia Norte (l\u00edmite sur en Hualaihu\u00e9).<\/li>\n<\/ol>\n\n\n\n<p>\u2014<\/p>\n\n\n\n<p class=\"has-medium-font-size\"><strong>Referencias<\/strong><\/p>\n\n\n\n<ul class=\"wp-block-list\">\n<li>Ballari, Sebasti\u00e1n A.; Pastore, Hern\u00e1n; Varela, Diego. (2019). Categorizaci\u00f3n 2019 de los mam\u00edferos de Argentina seg\u00fan su riesgo de extinci\u00f3n. Lista Roja de mam\u00edferos de Argentina\/<em>Pudu puda<\/em>. En: SAyDS\u2013SAREM (eds.).<\/li>\n\n\n\n<li>Cabello J. (2019). Gen\u00e9tica y conservaci\u00f3n de tres especies de fauna silvestre chilenas amenazadas, distribuidas en la ecorregi\u00f3n de bosque valdiviano: <em>Pudu puda<\/em>, <em>Lycalopex fulvipes<\/em> y <em>Rhinoderma darwinii<\/em>. Plan nacional de conservaci\u00f3n del Pud\u00fa (<em>Pudu puda<\/em>). Ministerio de Agricultura.<\/li>\n\n\n\n<li>CEAL \u2013 Centro Editor de Am\u00e9rica Latina. (1983). El Carpincho. Colecci\u00f3n Fauna Argentina (2):. 33 pp.<\/li>\n\n\n\n<li>CONAF. (2020). Plan nacional de conservaci\u00f3n del Pud\u00fa (<em>Pudu puda<\/em>). Ministerio de Agricultura.<\/li>\n\n\n\n<li>D&#8217;El\u00eda, G. (2012). Nomenclatural unawareness, or on why a recently proposed name for Chiloean populations of Pudu puda (Mammalia, Cervidae) is unavailable. Revista Chilena de Historia Natural 85: 237-239.<\/li>\n\n\n\n<li>Fuentes-Hurtado, M., Mar\u00edn, C., Gonz\u00e1lez-Acu\u00f1a, D. Verdugo, C., Vidal, F. &amp; Vianna,J. (2011). Molecular divergence between insular and continental Pudu deer (Pudu puda) populations in the Chilean Patagonia. Studies on Neotropical Fauna and Environment. 46(1), 23-33.<\/li>\n\n\n\n<li>Iriarte, A. (2008). <em>Mam\u00edferos de Chile<\/em>. Lynx Edicions. Barcelona, Espa\u00f1a. 420 pp.<\/li>\n\n\n\n<li>Ministerio del Medio Ambiente. Inventario nacional de especies de Chile\/<em>Pudu puda<\/em>. especies.mma.gob.cl.<\/li>\n\n\n\n<li>S\u00e1nchez O\u00f1ate, Jorge, Morales Mu\u00f1oz, Pamela, &amp; Medina Puentes, Rodemil. (2017). Descripci\u00f3n Anat\u00f3mica de la Miolog\u00eda del Miembro P\u00e9lvico y su Relaci\u00f3n Topogr\u00e1fica con el Sistema Vascular y Nervioso en un Ejemplar de Pud\u00fa (Pudu puda). International Journal of Morphology, 35 (4), 1370- 1376.https:\/\/dx.doi.org\/10.4067\/S0717-95022017000401370.<\/li>\n\n\n\n<li>Silva Rodr\u00edguez, <em>et al<\/em>. (2016). <em>Pudu puda<\/em>. The IUCN red list of threatened species. Plan nacional de conservaci\u00f3n del Pud\u00fa (<em>Pudu puda<\/em>). Ministerio de Agricultura.<\/li>\n\n\n\n<li>Vidal, et al. (2012). Variation in reproduction of a temperate deer, the southern pud\u00fa (Pudu puda). Plan nacional de conservaci\u00f3n del Pud\u00fa (<em>Pudu puda<\/em>). Ministerio de Agricultura.Z\u00fa\u00f1iga A.H., y J.E. Jim\u00e9nez. (2018). Activity patterns and habitat use of pudu deer (Pudu puda) in a mountain forest of south-central Chile. Journal of Natural History 52(31-32): 2047-2054.DOI: 10.1080\/00222933.2018.1510995.<\/li>\n<\/ul>\n","protected":false},"excerpt":{"rendered":"<p>Phylum&nbsp;Chordata&nbsp;| Clase&nbsp;Mammalia&nbsp;| Orden&nbsp;Artiodactyla&nbsp;| Familia&nbsp;Cervidae Investigador(es) a cargo:\u00a0Ignacio Fern\u00e1ndez Mordoj Citar como:\u00a0Fern\u00e1ndez Mordoj, I.\u00a0Pudu puda. ChileFauna. Recuperado el [inserte fecha de consulta] de [URL] Esta p\u00e1gina ha sido realizada en colaboraci\u00f3n con la&nbsp;ONG Mam\u00edferos de Chile. \u2014 Pudu puda (Molina, 1782) Nombre(s) com\u00fan(es):\u00a0pud\u00fa, venadito, ciervo enano. Nombre en ingl\u00e9s:\u00a0Southern pudu, Chilean pudu. Etimolog\u00eda:&nbsp; \u2014 Sinonimia \u2014 &hellip;<\/p>\n<p class=\"read-more\"> <a class=\"\" href=\"https:\/\/www.chilefauna.cl\/index.php\/pudu-puda\/\"> <span class=\"screen-reader-text\">Pudu puda<\/span> Leer m\u00e1s \u00bb<\/a><\/p>\n","protected":false},"author":5,"featured_media":0,"comment_status":"open","ping_status":"closed","sticky":false,"template":"","format":"standard","meta":{"om_disable_all_campaigns":false,"_monsterinsights_skip_tracking":false,"_monsterinsights_sitenote_active":false,"_monsterinsights_sitenote_note":"","_monsterinsights_sitenote_category":0,"site-sidebar-layout":"default","site-content-layout":"","ast-site-content-layout":"default","site-content-style":"default","site-sidebar-style":"default","ast-global-header-display":"","ast-banner-title-visibility":"","ast-main-header-display":"","ast-hfb-above-header-display":"","ast-hfb-below-header-display":"","ast-hfb-mobile-header-display":"","site-post-title":"","ast-breadcrumbs-content":"","ast-featured-img":"","footer-sml-layout":"","theme-transparent-header-meta":"","adv-header-id-meta":"","stick-header-meta":"","header-above-stick-meta":"","header-main-stick-meta":"","header-below-stick-meta":"","astra-migrate-meta-layouts":"set","footnotes":""},"categories":[8],"tags":[],"class_list":["post-5145","post","type-post","status-publish","format-standard","hentry","category-especies"],"yoast_head":"<!-- This site is optimized with the Yoast SEO plugin v21.1 - https:\/\/yoast.com\/wordpress\/plugins\/seo\/ -->\n<title>Pudu puda - ChileFauna<\/title>\n<meta name=\"robots\" content=\"index, follow, max-snippet:-1, max-image-preview:large, max-video-preview:-1\" \/>\n<link rel=\"canonical\" href=\"https:\/\/www.chilefauna.cl\/index.php\/pudu-puda\/\" \/>\n<meta property=\"og:locale\" content=\"es_ES\" \/>\n<meta property=\"og:type\" content=\"article\" \/>\n<meta property=\"og:title\" content=\"Pudu puda - ChileFauna\" \/>\n<meta property=\"og:description\" content=\"Phylum&nbsp;Chordata&nbsp;| Clase&nbsp;Mammalia&nbsp;| Orden&nbsp;Artiodactyla&nbsp;| Familia&nbsp;Cervidae Investigador(es) a cargo:\u00a0Ignacio Fern\u00e1ndez Mordoj Citar como:\u00a0Fern\u00e1ndez Mordoj, I.\u00a0Pudu puda. ChileFauna. Recuperado el [inserte fecha de consulta] de [URL] Esta p\u00e1gina ha sido realizada en colaboraci\u00f3n con la&nbsp;ONG Mam\u00edferos de Chile. \u2014 Pudu puda (Molina, 1782) Nombre(s) com\u00fan(es):\u00a0pud\u00fa, venadito, ciervo enano. Nombre en ingl\u00e9s:\u00a0Southern pudu, Chilean pudu. Etimolog\u00eda:&nbsp; \u2014 Sinonimia \u2014 &hellip; Pudu puda Leer m\u00e1s \u00bb\" \/>\n<meta property=\"og:url\" content=\"https:\/\/www.chilefauna.cl\/index.php\/pudu-puda\/\" \/>\n<meta property=\"og:site_name\" content=\"ChileFauna\" \/>\n<meta property=\"article:published_time\" content=\"2025-05-29T20:48:32+00:00\" \/>\n<meta property=\"article:modified_time\" content=\"2025-05-29T20:48:33+00:00\" \/>\n<meta property=\"og:image\" content=\"https:\/\/www.chilefauna.cl\/wp-content\/uploads\/2023\/10\/JPG-MC-ONG_Mesa-de-trabajo-1-copia-11-scaled-e1746152230890-1024x263.jpg\" \/>\n<meta name=\"author\" content=\"Tomas\" \/>\n<meta name=\"twitter:card\" content=\"summary_large_image\" \/>\n<meta name=\"twitter:label1\" content=\"Escrito por\" \/>\n\t<meta name=\"twitter:data1\" content=\"Tomas\" \/>\n\t<meta name=\"twitter:label2\" content=\"Tiempo de lectura\" \/>\n\t<meta name=\"twitter:data2\" content=\"7 minutos\" \/>\n<script type=\"application\/ld+json\" class=\"yoast-schema-graph\">{\"@context\":\"https:\/\/schema.org\",\"@graph\":[{\"@type\":\"Article\",\"@id\":\"https:\/\/www.chilefauna.cl\/index.php\/pudu-puda\/#article\",\"isPartOf\":{\"@id\":\"https:\/\/www.chilefauna.cl\/index.php\/pudu-puda\/\"},\"author\":{\"name\":\"Tomas\",\"@id\":\"https:\/\/www.chilefauna.cl\/#\/schema\/person\/e3af2a73d74cff55082dd5248db830f1\"},\"headline\":\"Pudu puda\",\"datePublished\":\"2025-05-29T20:48:32+00:00\",\"dateModified\":\"2025-05-29T20:48:33+00:00\",\"mainEntityOfPage\":{\"@id\":\"https:\/\/www.chilefauna.cl\/index.php\/pudu-puda\/\"},\"wordCount\":1534,\"commentCount\":0,\"publisher\":{\"@id\":\"https:\/\/www.chilefauna.cl\/#organization\"},\"articleSection\":[\"Especies\"],\"inLanguage\":\"es\",\"potentialAction\":[{\"@type\":\"CommentAction\",\"name\":\"Comment\",\"target\":[\"https:\/\/www.chilefauna.cl\/index.php\/pudu-puda\/#respond\"]}]},{\"@type\":\"WebPage\",\"@id\":\"https:\/\/www.chilefauna.cl\/index.php\/pudu-puda\/\",\"url\":\"https:\/\/www.chilefauna.cl\/index.php\/pudu-puda\/\",\"name\":\"Pudu puda - ChileFauna\",\"isPartOf\":{\"@id\":\"https:\/\/www.chilefauna.cl\/#website\"},\"datePublished\":\"2025-05-29T20:48:32+00:00\",\"dateModified\":\"2025-05-29T20:48:33+00:00\",\"breadcrumb\":{\"@id\":\"https:\/\/www.chilefauna.cl\/index.php\/pudu-puda\/#breadcrumb\"},\"inLanguage\":\"es\",\"potentialAction\":[{\"@type\":\"ReadAction\",\"target\":[\"https:\/\/www.chilefauna.cl\/index.php\/pudu-puda\/\"]}]},{\"@type\":\"BreadcrumbList\",\"@id\":\"https:\/\/www.chilefauna.cl\/index.php\/pudu-puda\/#breadcrumb\",\"itemListElement\":[{\"@type\":\"ListItem\",\"position\":1,\"name\":\"Portada\",\"item\":\"https:\/\/www.chilefauna.cl\/\"},{\"@type\":\"ListItem\",\"position\":2,\"name\":\"Pudu puda\"}]},{\"@type\":\"WebSite\",\"@id\":\"https:\/\/www.chilefauna.cl\/#website\",\"url\":\"https:\/\/www.chilefauna.cl\/\",\"name\":\"ChileFauna\",\"description\":\"\",\"publisher\":{\"@id\":\"https:\/\/www.chilefauna.cl\/#organization\"},\"potentialAction\":[{\"@type\":\"SearchAction\",\"target\":{\"@type\":\"EntryPoint\",\"urlTemplate\":\"https:\/\/www.chilefauna.cl\/?s={search_term_string}\"},\"query-input\":\"required name=search_term_string\"}],\"inLanguage\":\"es\"},{\"@type\":\"Organization\",\"@id\":\"https:\/\/www.chilefauna.cl\/#organization\",\"name\":\"ChileFauna\",\"url\":\"https:\/\/www.chilefauna.cl\/\",\"logo\":{\"@type\":\"ImageObject\",\"inLanguage\":\"es\",\"@id\":\"https:\/\/www.chilefauna.cl\/#\/schema\/logo\/image\/\",\"url\":\"https:\/\/www.chilefauna.cl\/wp-content\/uploads\/2023\/09\/CHILE-FAUNA-LOGO-FONDO-BLANCO.jpg\",\"contentUrl\":\"https:\/\/www.chilefauna.cl\/wp-content\/uploads\/2023\/09\/CHILE-FAUNA-LOGO-FONDO-BLANCO.jpg\",\"width\":500,\"height\":184,\"caption\":\"ChileFauna\"},\"image\":{\"@id\":\"https:\/\/www.chilefauna.cl\/#\/schema\/logo\/image\/\"}},{\"@type\":\"Person\",\"@id\":\"https:\/\/www.chilefauna.cl\/#\/schema\/person\/e3af2a73d74cff55082dd5248db830f1\",\"name\":\"Tomas\",\"image\":{\"@type\":\"ImageObject\",\"inLanguage\":\"es\",\"@id\":\"https:\/\/www.chilefauna.cl\/#\/schema\/person\/image\/\",\"url\":\"https:\/\/secure.gravatar.com\/avatar\/30bd54c6e7cf51d0ad4fdb22402ae48d36c05ff8d735bb865e00d2407d368e70?s=96&d=mm&r=g\",\"contentUrl\":\"https:\/\/secure.gravatar.com\/avatar\/30bd54c6e7cf51d0ad4fdb22402ae48d36c05ff8d735bb865e00d2407d368e70?s=96&d=mm&r=g\",\"caption\":\"Tomas\"},\"url\":\"https:\/\/www.chilefauna.cl\/index.php\/author\/tomas\/\"}]}<\/script>\n<!-- \/ Yoast SEO plugin. -->","yoast_head_json":{"title":"Pudu puda - ChileFauna","robots":{"index":"index","follow":"follow","max-snippet":"max-snippet:-1","max-image-preview":"max-image-preview:large","max-video-preview":"max-video-preview:-1"},"canonical":"https:\/\/www.chilefauna.cl\/index.php\/pudu-puda\/","og_locale":"es_ES","og_type":"article","og_title":"Pudu puda - ChileFauna","og_description":"Phylum&nbsp;Chordata&nbsp;| Clase&nbsp;Mammalia&nbsp;| Orden&nbsp;Artiodactyla&nbsp;| Familia&nbsp;Cervidae Investigador(es) a cargo:\u00a0Ignacio Fern\u00e1ndez Mordoj Citar como:\u00a0Fern\u00e1ndez Mordoj, I.\u00a0Pudu puda. ChileFauna. Recuperado el [inserte fecha de consulta] de [URL] Esta p\u00e1gina ha sido realizada en colaboraci\u00f3n con la&nbsp;ONG Mam\u00edferos de Chile. \u2014 Pudu puda (Molina, 1782) Nombre(s) com\u00fan(es):\u00a0pud\u00fa, venadito, ciervo enano. Nombre en ingl\u00e9s:\u00a0Southern pudu, Chilean pudu. Etimolog\u00eda:&nbsp; \u2014 Sinonimia \u2014 &hellip; Pudu puda Leer m\u00e1s \u00bb","og_url":"https:\/\/www.chilefauna.cl\/index.php\/pudu-puda\/","og_site_name":"ChileFauna","article_published_time":"2025-05-29T20:48:32+00:00","article_modified_time":"2025-05-29T20:48:33+00:00","og_image":[{"url":"https:\/\/www.chilefauna.cl\/wp-content\/uploads\/2023\/10\/JPG-MC-ONG_Mesa-de-trabajo-1-copia-11-scaled-e1746152230890-1024x263.jpg"}],"author":"Tomas","twitter_card":"summary_large_image","twitter_misc":{"Escrito por":"Tomas","Tiempo de lectura":"7 minutos"},"schema":{"@context":"https:\/\/schema.org","@graph":[{"@type":"Article","@id":"https:\/\/www.chilefauna.cl\/index.php\/pudu-puda\/#article","isPartOf":{"@id":"https:\/\/www.chilefauna.cl\/index.php\/pudu-puda\/"},"author":{"name":"Tomas","@id":"https:\/\/www.chilefauna.cl\/#\/schema\/person\/e3af2a73d74cff55082dd5248db830f1"},"headline":"Pudu puda","datePublished":"2025-05-29T20:48:32+00:00","dateModified":"2025-05-29T20:48:33+00:00","mainEntityOfPage":{"@id":"https:\/\/www.chilefauna.cl\/index.php\/pudu-puda\/"},"wordCount":1534,"commentCount":0,"publisher":{"@id":"https:\/\/www.chilefauna.cl\/#organization"},"articleSection":["Especies"],"inLanguage":"es","potentialAction":[{"@type":"CommentAction","name":"Comment","target":["https:\/\/www.chilefauna.cl\/index.php\/pudu-puda\/#respond"]}]},{"@type":"WebPage","@id":"https:\/\/www.chilefauna.cl\/index.php\/pudu-puda\/","url":"https:\/\/www.chilefauna.cl\/index.php\/pudu-puda\/","name":"Pudu puda - ChileFauna","isPartOf":{"@id":"https:\/\/www.chilefauna.cl\/#website"},"datePublished":"2025-05-29T20:48:32+00:00","dateModified":"2025-05-29T20:48:33+00:00","breadcrumb":{"@id":"https:\/\/www.chilefauna.cl\/index.php\/pudu-puda\/#breadcrumb"},"inLanguage":"es","potentialAction":[{"@type":"ReadAction","target":["https:\/\/www.chilefauna.cl\/index.php\/pudu-puda\/"]}]},{"@type":"BreadcrumbList","@id":"https:\/\/www.chilefauna.cl\/index.php\/pudu-puda\/#breadcrumb","itemListElement":[{"@type":"ListItem","position":1,"name":"Portada","item":"https:\/\/www.chilefauna.cl\/"},{"@type":"ListItem","position":2,"name":"Pudu puda"}]},{"@type":"WebSite","@id":"https:\/\/www.chilefauna.cl\/#website","url":"https:\/\/www.chilefauna.cl\/","name":"ChileFauna","description":"","publisher":{"@id":"https:\/\/www.chilefauna.cl\/#organization"},"potentialAction":[{"@type":"SearchAction","target":{"@type":"EntryPoint","urlTemplate":"https:\/\/www.chilefauna.cl\/?s={search_term_string}"},"query-input":"required name=search_term_string"}],"inLanguage":"es"},{"@type":"Organization","@id":"https:\/\/www.chilefauna.cl\/#organization","name":"ChileFauna","url":"https:\/\/www.chilefauna.cl\/","logo":{"@type":"ImageObject","inLanguage":"es","@id":"https:\/\/www.chilefauna.cl\/#\/schema\/logo\/image\/","url":"https:\/\/www.chilefauna.cl\/wp-content\/uploads\/2023\/09\/CHILE-FAUNA-LOGO-FONDO-BLANCO.jpg","contentUrl":"https:\/\/www.chilefauna.cl\/wp-content\/uploads\/2023\/09\/CHILE-FAUNA-LOGO-FONDO-BLANCO.jpg","width":500,"height":184,"caption":"ChileFauna"},"image":{"@id":"https:\/\/www.chilefauna.cl\/#\/schema\/logo\/image\/"}},{"@type":"Person","@id":"https:\/\/www.chilefauna.cl\/#\/schema\/person\/e3af2a73d74cff55082dd5248db830f1","name":"Tomas","image":{"@type":"ImageObject","inLanguage":"es","@id":"https:\/\/www.chilefauna.cl\/#\/schema\/person\/image\/","url":"https:\/\/secure.gravatar.com\/avatar\/30bd54c6e7cf51d0ad4fdb22402ae48d36c05ff8d735bb865e00d2407d368e70?s=96&d=mm&r=g","contentUrl":"https:\/\/secure.gravatar.com\/avatar\/30bd54c6e7cf51d0ad4fdb22402ae48d36c05ff8d735bb865e00d2407d368e70?s=96&d=mm&r=g","caption":"Tomas"},"url":"https:\/\/www.chilefauna.cl\/index.php\/author\/tomas\/"}]}},"_links":{"self":[{"href":"https:\/\/www.chilefauna.cl\/index.php\/wp-json\/wp\/v2\/posts\/5145","targetHints":{"allow":["GET"]}}],"collection":[{"href":"https:\/\/www.chilefauna.cl\/index.php\/wp-json\/wp\/v2\/posts"}],"about":[{"href":"https:\/\/www.chilefauna.cl\/index.php\/wp-json\/wp\/v2\/types\/post"}],"author":[{"embeddable":true,"href":"https:\/\/www.chilefauna.cl\/index.php\/wp-json\/wp\/v2\/users\/5"}],"replies":[{"embeddable":true,"href":"https:\/\/www.chilefauna.cl\/index.php\/wp-json\/wp\/v2\/comments?post=5145"}],"version-history":[{"count":1,"href":"https:\/\/www.chilefauna.cl\/index.php\/wp-json\/wp\/v2\/posts\/5145\/revisions"}],"predecessor-version":[{"id":5146,"href":"https:\/\/www.chilefauna.cl\/index.php\/wp-json\/wp\/v2\/posts\/5145\/revisions\/5146"}],"wp:attachment":[{"href":"https:\/\/www.chilefauna.cl\/index.php\/wp-json\/wp\/v2\/media?parent=5145"}],"wp:term":[{"taxonomy":"category","embeddable":true,"href":"https:\/\/www.chilefauna.cl\/index.php\/wp-json\/wp\/v2\/categories?post=5145"},{"taxonomy":"post_tag","embeddable":true,"href":"https:\/\/www.chilefauna.cl\/index.php\/wp-json\/wp\/v2\/tags?post=5145"}],"curies":[{"name":"wp","href":"https:\/\/api.w.org\/{rel}","templated":true}]}}